{"id":1884,"date":"2020-05-25T13:02:06","date_gmt":"2020-05-25T11:02:06","guid":{"rendered":"https:\/\/voltagecosmetics.com\/?p=1884"},"modified":"2020-05-25T13:02:06","modified_gmt":"2020-05-25T11:02:06","slug":"a-un-paso-del-fino-cabello-quebradizo-al-poderoso-cabello-grueso","status":"publish","type":"post","link":"https:\/\/voltagecosmetics.com\/blog\/a-un-paso-del-fino-cabello-quebradizo-al-poderoso-cabello-grueso\/","title":{"rendered":"A un paso del fino cabello quebradizo al poderoso cabello grueso"},"content":{"rendered":"<p>Nuestra familia de \u201c<strong>COL\u00c1GENO<\/strong>\u201d nos continua dando alegr\u00edas, gracias a los maravillosos resultados del cuidado del <strong>cabello fino<\/strong> y cabello quebradizo y a trav\u00e9s de sus dos excelentes productos.<\/p>\n<p>\u201c<strong>RECUPERADOR CELULAR DE COL\u00c1GENO<\/strong>\u201d, en formato de 500 ml y 1000 ml, este \u00faltimo muy recomendado para profesionales o personas admiradoras del producto las cuales tienen un uso frecuente del mismo y \u201c<strong>SHAMPOO COL\u00c1GENO + VITAMINA H<\/strong>\u201d en formato de 500 ml.<\/p>\n<p><strong><em>Te lo contamos\u2026<\/em><\/strong><\/p>\n<div>Por lo general solemos estar pendientes del cuidado de nuestra piel, particularmente de las partes m\u00e1s sensibles como son las del cuello, escote y rostro. Existen en el mercado m\u00faltiples productos que tratan estas \u00e1reas de forma efectiva, pero \u00bfqu\u00e9 ocurre con el cuero cabelludo?<\/div>\n<p>Pues no debemos olvidarnos que el cuero cabelludo tambi\u00e9n forma parte de nuestra piel\u00a0y que en funci\u00f3n de c\u00f3mo lo cuidemos, lucir\u00e1 nuestro <strong>cabello<\/strong>.\u00a0El paso de los a\u00f1os, los ambientes resecos de las calefacciones, los tintes, mechas, espumas, radiaci\u00f3n solar y aguas cloradas afectan directamente\u00a0a su estado, y esto se traduce en una melena afinada, desvitalizada y con poco volumen.<\/p>\n<p>Con el paso del tiempo se altera el metabolismo del cabello y si lo sumamos a las condiciones atmosf\u00e9ricas, \u00a0condicionan directamente la calidad y brillo de nuestro pelo, dej\u00e1ndolo menos luminoso y denso. Igual que el rostro, el cuero cabelludo tambi\u00e9n envejece, su metabolismo se ralentiza y su estructura se modifica.<\/p>\n<p>Desde <strong>Voltage Cosmetics<\/strong> somos conscientes de esta realidad, y por ello trabajamos la l\u00ednea de <a style=\"color: #b68248;\" href=\"https:\/\/voltagecosmetics.com\/?s=colageno&amp;post_type=product\"><strong>COL\u00c1GENO<\/strong> <\/a>con dos productos de alta calidad a base de <a style=\"color: #b68248;\" href=\"https:\/\/voltagecosmetics.com\/?s=colageno&amp;post_type=product\"><strong>champ\u00fa y tratamiento de col\u00e1geno<\/strong><\/a>, especifica para el cuidado del <strong>cabello.<\/strong><\/p>\n<h4><strong>SHAMPOO COL\u00c1GENO + VITAMINA H<\/strong><\/h4>\n<p>Este es el primer paso para recuperar un <strong>cabello<\/strong> fino y debilitado, limpia el cabello con suavidad adem\u00e1s de aportar <strong>vitamina H<\/strong>, una vitamina\u00a0hidrosoluble\u00a0que ejerce una funci\u00f3n esencial en el metabolismo de prote\u00ednas, hidratos de carbono y grasas. La carencia de esta vitamina puede provocar, entre otros s\u00edntomas,\u00a0<strong>p\u00e9rdida de cabello<\/strong>. Cuidar la salud del <strong>cabello<\/strong> es mucho m\u00e1s que una cuesti\u00f3n est\u00e9tica.<\/p>\n<h4>Entre los\u00a0<strong>beneficios para el cabello<\/strong>\u00a0que se le atribuyen a la vitamina H se incluyen:<\/h4>\n<ul>\n<li>Prevenir la calvicie<\/li>\n<li>Favorecer el crecimiento del pelo<\/li>\n<li>Fortalecer los fol\u00edculos donde nace el <strong>cabello<\/strong> evitando que se vuelva quebradizo<\/li>\n<li>Evitar la p\u00e9rdida de luminosidad<\/li>\n<li>Retardar la aparici\u00f3n de las canas<\/li>\n<\/ul>\n<p>Otro beneficio a tener en cuenta es que esta vitamina ayuda a bloquear algunas reacciones del organismo frente al\u00a0<strong>estr\u00e9s<\/strong>\u00a0y que pueden ser desencadenantes de alopecia o\u00a0<strong>p\u00e9rdida de cabello<\/strong>. Si adem\u00e1s le a\u00f1adimos <strong>col\u00e1geno<\/strong> conseguimos un <strong>cabello<\/strong> m\u00e1s grueso, fuerte y abundante.<\/p>\n<p><strong>RECUPERADOR CELULAR DE COL\u00c1GENO<\/strong><\/p>\n<p>El <strong>col\u00e1geno <\/strong>es una prote\u00edna que puede usarse para m\u00faltiples tratamientos de belleza\u00a0ya que, entre sus m\u00e1ximos beneficios, destaca que se trata de un nutriente capaz de reconstruir nuestras c\u00e9lulas. Debes saber que un 25% de nuestro cuerpo est\u00e1 formado de <strong>col\u00e1geno<\/strong> y es el responsable de que nuestra piel se muestre tensa y firme as\u00ed como los huesos, el <strong>cabello<\/strong> y las u\u00f1as.<\/p>\n<p>Con este tratamiento conseguimos trabajar la superficie de la melena, es decir, la parte visible, pero tambi\u00e9n actuar\u00e1 de forma interna ya que penetrar\u00e1 por la ra\u00edz y por el cuero cabelludo consiguiendo, as\u00ed, regenerarlo desde dentro.\u00a0El <strong>col\u00e1geno<\/strong> es un agente que nos ayudar\u00e1 a nutrir en profundidad nuestro <strong>cabello<\/strong> aport\u00e1ndole ese extra de cuidado, brillo y suavidad que tanto agradece.<\/p>\n<p>Adem\u00e1s, si sueles padecer puntas abiertas o tienes el <strong>cabello<\/strong> quebradizo, este tratamiento de <strong>col\u00e1geno<\/strong> te ayudar\u00e1 a mejorar esta situaci\u00f3n, puesto que no solo interviene en la parte externa sino tambi\u00e9n en las cut\u00edculas capilares, promoviendo una regeneraci\u00f3n de la salud del <strong>cabello<\/strong> desde lo m\u00e1s profundo.<\/p>\n<p>Su alto contenido en\u00a0leche hidrolizada\u00a0nutre el\u00a0<strong>cabello<\/strong> da\u00f1ado\u00a0gracias a su agente energ\u00e9tico que\u00a0revitaliza el <strong>cabello<\/strong>\u00a0de forma espectacular.<\/p>\n<p><em>Escrito por Lidia Molina Medina<\/em><\/p>\n","protected":false},"excerpt":{"rendered":"<p>Nuestra familia de \u201cCOL\u00c1GENO\u201d nos continua dando alegr\u00edas, gracias a los maravillosos resultados del cuidado del cabello fino y cabello quebradizo y a trav\u00e9s de sus dos excelentes productos. \u201cRECUPERADOR CELULAR DE COL\u00c1GENO\u201d, en formato de 500 ml y 1000 ml, este \u00faltimo muy recomendado para profesionales o personas admiradoras del producto las cuales tienen un uso frecuente del mismo y \u201cSHAMPOO COL\u00c1GENO + VITAMINA H\u201d en formato de 500 ml. Te lo contamos\u2026 Por lo general solemos estar pendientes del cuidado de nuestra piel, particularmente de las partes m\u00e1s sensibles como son las del cuello, escote y rostro. Existen en el mercado m\u00faltiples productos que tratan estas \u00e1reas de forma efectiva, pero \u00bfqu\u00e9 ocurre con el cuero cabelludo? Pues no debemos olvidarnos que el cuero cabelludo tambi\u00e9n forma parte de nuestra piel\u00a0y que en funci\u00f3n de c\u00f3mo lo cuidemos, lucir\u00e1 nuestro cabello.\u00a0El paso de los a\u00f1os, los ambientes resecos de las calefacciones, los tintes, mechas, espumas, radiaci\u00f3n solar y aguas cloradas afectan directamente\u00a0a su estado, y esto se traduce en una melena afinada, desvitalizada y con poco volumen. Con el paso del tiempo se altera el metabolismo del cabello y si lo sumamos a las condiciones atmosf\u00e9ricas, \u00a0condicionan directamente la calidad y brillo de nuestro pelo, dej\u00e1ndolo menos luminoso y denso. Igual que el rostro, el cuero cabelludo tambi\u00e9n envejece, su metabolismo se ralentiza y su estructura se modifica. Desde Voltage Cosmetics somos conscientes de esta realidad, y por ello trabajamos la l\u00ednea de COL\u00c1GENO con dos productos de alta calidad a base de champ\u00fa y tratamiento de col\u00e1geno, especifica para el cuidado del cabello. SHAMPOO COL\u00c1GENO + VITAMINA H Este es el primer paso para recuperar un cabello fino y debilitado, limpia el cabello con suavidad adem\u00e1s de aportar vitamina H, una vitamina\u00a0hidrosoluble\u00a0que ejerce una funci\u00f3n esencial en el metabolismo de prote\u00ednas, hidratos de carbono y grasas. La carencia de esta vitamina puede provocar, entre otros s\u00edntomas,\u00a0p\u00e9rdida de cabello. Cuidar la salud del cabello es mucho m\u00e1s que una cuesti\u00f3n est\u00e9tica. Entre los\u00a0beneficios para el cabello\u00a0que se le atribuyen a la vitamina H se incluyen: Prevenir la calvicie Favorecer el crecimiento del pelo Fortalecer los fol\u00edculos donde nace el cabello evitando que se vuelva quebradizo Evitar la p\u00e9rdida de luminosidad Retardar la aparici\u00f3n de las canas Otro beneficio a tener en cuenta es que esta vitamina ayuda a bloquear algunas reacciones del organismo frente al\u00a0estr\u00e9s\u00a0y que pueden ser desencadenantes de alopecia o\u00a0p\u00e9rdida de cabello. Si adem\u00e1s le a\u00f1adimos col\u00e1geno conseguimos un cabello m\u00e1s grueso, fuerte y abundante. RECUPERADOR CELULAR DE COL\u00c1GENO El col\u00e1geno es una prote\u00edna que puede usarse para m\u00faltiples tratamientos de belleza\u00a0ya que, entre sus m\u00e1ximos beneficios, destaca que se trata de un nutriente capaz de reconstruir nuestras c\u00e9lulas. Debes saber que un 25% de nuestro cuerpo est\u00e1 formado de col\u00e1geno y es el responsable de que nuestra piel se muestre tensa y firme as\u00ed como los huesos, el cabello y las u\u00f1as. Con este tratamiento conseguimos trabajar la superficie de la melena, es decir, la parte visible, pero tambi\u00e9n actuar\u00e1 de forma interna ya que penetrar\u00e1 por la ra\u00edz y por el cuero cabelludo consiguiendo, as\u00ed, regenerarlo desde dentro.\u00a0El col\u00e1geno es un agente que nos ayudar\u00e1 a nutrir en profundidad nuestro cabello aport\u00e1ndole ese extra de cuidado, brillo y suavidad que tanto agradece. Adem\u00e1s, si sueles padecer puntas abiertas o tienes el cabello quebradizo, este tratamiento de col\u00e1geno te ayudar\u00e1 a mejorar esta situaci\u00f3n, puesto que no solo interviene en la parte externa sino tambi\u00e9n en las cut\u00edculas capilares, promoviendo una regeneraci\u00f3n de la salud del cabello desde lo m\u00e1s profundo. Su alto contenido en\u00a0leche hidrolizada\u00a0nutre el\u00a0cabello da\u00f1ado\u00a0gracias a su agente energ\u00e9tico que\u00a0revitaliza el cabello\u00a0de forma espectacular. Escrito por Lidia Molina Medina<\/p>\n","protected":false},"author":2,"featured_media":5001,"comment_status":"closed","ping_status":"closed","sticky":false,"template":"","format":"standard","meta":{"footnotes":""},"categories":[4],"tags":[143,73,115,5],"class_list":["post-1884","post","type-post","status-publish","format-standard","has-post-thumbnail","hentry","category-consejos","tag-cabellos-quebradizos","tag-cuidado","tag-cabello-danado","tag-colageno"],"yoast_head":"<!-- This site is optimized with the Yoast SEO plugin v25.3 - https:\/\/yoast.com\/wordpress\/plugins\/seo\/ -->\n<title>Del cabello quebradizo al poderoso cabello grueso - Voltage Cosmetics<\/title>\n<meta name=\"description\" content=\"Nuestra familia de \u201cCOL\u00c1GENO\u201d nos continua dando alegr\u00edas, gracias a los maravillosos resultados del cuidado del cabello quebradizo... Voltage Cosmetics\" \/>\n<meta name=\"robots\" content=\"index, follow, max-snippet:-1, max-image-preview:large, max-video-preview:-1\" \/>\n<link rel=\"canonical\" href=\"https:\/\/voltagecosmetics.com\/blog\/a-un-paso-del-fino-cabello-quebradizo-al-poderoso-cabello-grueso\/\" \/>\n<meta property=\"og:locale\" content=\"es_ES\" \/>\n<meta property=\"og:type\" content=\"article\" \/>\n<meta property=\"og:title\" content=\"Del cabello quebradizo al poderoso cabello grueso - Voltage Cosmetics\" \/>\n<meta property=\"og:description\" content=\"Nuestra familia de \u201cCOL\u00c1GENO\u201d nos continua dando alegr\u00edas, gracias a los maravillosos resultados del cuidado del cabello quebradizo... Voltage Cosmetics\" \/>\n<meta property=\"og:url\" content=\"https:\/\/voltagecosmetics.com\/blog\/a-un-paso-del-fino-cabello-quebradizo-al-poderoso-cabello-grueso\/\" \/>\n<meta property=\"og:site_name\" content=\"Voltage Cosmetics Blog\" \/>\n<meta property=\"article:published_time\" content=\"2020-05-25T11:02:06+00:00\" \/>\n<meta property=\"og:image\" content=\"https:\/\/voltagecosmetics.com\/blog\/wp-content\/uploads\/2017\/05\/voltage-cosmetics-cabellos-quebradizos.jpg\" \/>\n\t<meta property=\"og:image:width\" content=\"1000\" \/>\n\t<meta property=\"og:image:height\" content=\"667\" \/>\n\t<meta property=\"og:image:type\" content=\"image\/jpeg\" \/>\n<meta name=\"author\" content=\"Blog Voltage Cosmetics\" \/>\n<meta name=\"twitter:card\" content=\"summary_large_image\" \/>\n<meta name=\"twitter:label1\" content=\"Escrito por\" \/>\n\t<meta name=\"twitter:data1\" content=\"Blog Voltage Cosmetics\" \/>\n\t<meta name=\"twitter:label2\" content=\"Tiempo de lectura\" \/>\n\t<meta name=\"twitter:data2\" content=\"3 minutos\" \/>\n<script type=\"application\/ld+json\" class=\"yoast-schema-graph\">{\"@context\":\"https:\/\/schema.org\",\"@graph\":[{\"@type\":\"WebPage\",\"@id\":\"https:\/\/voltagecosmetics.com\/blog\/a-un-paso-del-fino-cabello-quebradizo-al-poderoso-cabello-grueso\/\",\"url\":\"https:\/\/voltagecosmetics.com\/blog\/a-un-paso-del-fino-cabello-quebradizo-al-poderoso-cabello-grueso\/\",\"name\":\"Del cabello quebradizo al poderoso cabello grueso - Voltage Cosmetics\",\"isPartOf\":{\"@id\":\"https:\/\/voltagecosmetics.com\/blog\/#website\"},\"primaryImageOfPage\":{\"@id\":\"https:\/\/voltagecosmetics.com\/blog\/a-un-paso-del-fino-cabello-quebradizo-al-poderoso-cabello-grueso\/#primaryimage\"},\"image\":{\"@id\":\"https:\/\/voltagecosmetics.com\/blog\/a-un-paso-del-fino-cabello-quebradizo-al-poderoso-cabello-grueso\/#primaryimage\"},\"thumbnailUrl\":\"https:\/\/voltagecosmetics.com\/blog\/wp-content\/uploads\/2017\/05\/voltage-cosmetics-cabellos-quebradizos.jpg\",\"datePublished\":\"2020-05-25T11:02:06+00:00\",\"author\":{\"@id\":\"https:\/\/voltagecosmetics.com\/blog\/#\/schema\/person\/ac1f9df92d0faab92abf8260093bfb0f\"},\"description\":\"Nuestra familia de \u201cCOL\u00c1GENO\u201d nos continua dando alegr\u00edas, gracias a los maravillosos resultados del cuidado del cabello quebradizo... Voltage Cosmetics\",\"breadcrumb\":{\"@id\":\"https:\/\/voltagecosmetics.com\/blog\/a-un-paso-del-fino-cabello-quebradizo-al-poderoso-cabello-grueso\/#breadcrumb\"},\"inLanguage\":\"es\",\"potentialAction\":[{\"@type\":\"ReadAction\",\"target\":[\"https:\/\/voltagecosmetics.com\/blog\/a-un-paso-del-fino-cabello-quebradizo-al-poderoso-cabello-grueso\/\"]}]},{\"@type\":\"ImageObject\",\"inLanguage\":\"es\",\"@id\":\"https:\/\/voltagecosmetics.com\/blog\/a-un-paso-del-fino-cabello-quebradizo-al-poderoso-cabello-grueso\/#primaryimage\",\"url\":\"https:\/\/voltagecosmetics.com\/blog\/wp-content\/uploads\/2017\/05\/voltage-cosmetics-cabellos-quebradizos.jpg\",\"contentUrl\":\"https:\/\/voltagecosmetics.com\/blog\/wp-content\/uploads\/2017\/05\/voltage-cosmetics-cabellos-quebradizos.jpg\",\"width\":1000,\"height\":667,\"caption\":\"voltage cosmetics cabellos quebradizos\"},{\"@type\":\"BreadcrumbList\",\"@id\":\"https:\/\/voltagecosmetics.com\/blog\/a-un-paso-del-fino-cabello-quebradizo-al-poderoso-cabello-grueso\/#breadcrumb\",\"itemListElement\":[{\"@type\":\"ListItem\",\"position\":1,\"name\":\"Portada\",\"item\":\"https:\/\/voltagecosmetics.com\/blog\/\"},{\"@type\":\"ListItem\",\"position\":2,\"name\":\"A un paso del fino cabello quebradizo al poderoso cabello grueso\"}]},{\"@type\":\"WebSite\",\"@id\":\"https:\/\/voltagecosmetics.com\/blog\/#website\",\"url\":\"https:\/\/voltagecosmetics.com\/blog\/\",\"name\":\"Voltage Cosmetics Blog\",\"description\":\"Cosm\u00e9tica para el Cabello de Alta Gama\",\"potentialAction\":[{\"@type\":\"SearchAction\",\"target\":{\"@type\":\"EntryPoint\",\"urlTemplate\":\"https:\/\/voltagecosmetics.com\/blog\/?s={search_term_string}\"},\"query-input\":{\"@type\":\"PropertyValueSpecification\",\"valueRequired\":true,\"valueName\":\"search_term_string\"}}],\"inLanguage\":\"es\"},{\"@type\":\"Person\",\"@id\":\"https:\/\/voltagecosmetics.com\/blog\/#\/schema\/person\/ac1f9df92d0faab92abf8260093bfb0f\",\"name\":\"Blog Voltage Cosmetics\",\"image\":{\"@type\":\"ImageObject\",\"inLanguage\":\"es\",\"@id\":\"https:\/\/voltagecosmetics.com\/blog\/#\/schema\/person\/image\/\",\"url\":\"https:\/\/secure.gravatar.com\/avatar\/d6db4d357cfbaa9f5871c4055ef4c8c3f839044d0f05a42d65799147da96fa23?s=96&d=mm&r=g\",\"contentUrl\":\"https:\/\/secure.gravatar.com\/avatar\/d6db4d357cfbaa9f5871c4055ef4c8c3f839044d0f05a42d65799147da96fa23?s=96&d=mm&r=g\",\"caption\":\"Blog Voltage Cosmetics\"},\"url\":\"https:\/\/voltagecosmetics.com\/blog\/author\/blogvoltagecosmetics-com\/\"}]}<\/script>\n<!-- \/ Yoast SEO plugin. -->","yoast_head_json":{"title":"Del cabello quebradizo al poderoso cabello grueso - Voltage Cosmetics","description":"Nuestra familia de \u201cCOL\u00c1GENO\u201d nos continua dando alegr\u00edas, gracias a los maravillosos resultados del cuidado del cabello quebradizo... Voltage Cosmetics","robots":{"index":"index","follow":"follow","max-snippet":"max-snippet:-1","max-image-preview":"max-image-preview:large","max-video-preview":"max-video-preview:-1"},"canonical":"https:\/\/voltagecosmetics.com\/blog\/a-un-paso-del-fino-cabello-quebradizo-al-poderoso-cabello-grueso\/","og_locale":"es_ES","og_type":"article","og_title":"Del cabello quebradizo al poderoso cabello grueso - Voltage Cosmetics","og_description":"Nuestra familia de \u201cCOL\u00c1GENO\u201d nos continua dando alegr\u00edas, gracias a los maravillosos resultados del cuidado del cabello quebradizo... Voltage Cosmetics","og_url":"https:\/\/voltagecosmetics.com\/blog\/a-un-paso-del-fino-cabello-quebradizo-al-poderoso-cabello-grueso\/","og_site_name":"Voltage Cosmetics Blog","article_published_time":"2020-05-25T11:02:06+00:00","og_image":[{"width":1000,"height":667,"url":"https:\/\/voltagecosmetics.com\/blog\/wp-content\/uploads\/2017\/05\/voltage-cosmetics-cabellos-quebradizos.jpg","type":"image\/jpeg"}],"author":"Blog Voltage Cosmetics","twitter_card":"summary_large_image","twitter_misc":{"Escrito por":"Blog Voltage Cosmetics","Tiempo de lectura":"3 minutos"},"schema":{"@context":"https:\/\/schema.org","@graph":[{"@type":"WebPage","@id":"https:\/\/voltagecosmetics.com\/blog\/a-un-paso-del-fino-cabello-quebradizo-al-poderoso-cabello-grueso\/","url":"https:\/\/voltagecosmetics.com\/blog\/a-un-paso-del-fino-cabello-quebradizo-al-poderoso-cabello-grueso\/","name":"Del cabello quebradizo al poderoso cabello grueso - Voltage Cosmetics","isPartOf":{"@id":"https:\/\/voltagecosmetics.com\/blog\/#website"},"primaryImageOfPage":{"@id":"https:\/\/voltagecosmetics.com\/blog\/a-un-paso-del-fino-cabello-quebradizo-al-poderoso-cabello-grueso\/#primaryimage"},"image":{"@id":"https:\/\/voltagecosmetics.com\/blog\/a-un-paso-del-fino-cabello-quebradizo-al-poderoso-cabello-grueso\/#primaryimage"},"thumbnailUrl":"https:\/\/voltagecosmetics.com\/blog\/wp-content\/uploads\/2017\/05\/voltage-cosmetics-cabellos-quebradizos.jpg","datePublished":"2020-05-25T11:02:06+00:00","author":{"@id":"https:\/\/voltagecosmetics.com\/blog\/#\/schema\/person\/ac1f9df92d0faab92abf8260093bfb0f"},"description":"Nuestra familia de \u201cCOL\u00c1GENO\u201d nos continua dando alegr\u00edas, gracias a los maravillosos resultados del cuidado del cabello quebradizo... Voltage Cosmetics","breadcrumb":{"@id":"https:\/\/voltagecosmetics.com\/blog\/a-un-paso-del-fino-cabello-quebradizo-al-poderoso-cabello-grueso\/#breadcrumb"},"inLanguage":"es","potentialAction":[{"@type":"ReadAction","target":["https:\/\/voltagecosmetics.com\/blog\/a-un-paso-del-fino-cabello-quebradizo-al-poderoso-cabello-grueso\/"]}]},{"@type":"ImageObject","inLanguage":"es","@id":"https:\/\/voltagecosmetics.com\/blog\/a-un-paso-del-fino-cabello-quebradizo-al-poderoso-cabello-grueso\/#primaryimage","url":"https:\/\/voltagecosmetics.com\/blog\/wp-content\/uploads\/2017\/05\/voltage-cosmetics-cabellos-quebradizos.jpg","contentUrl":"https:\/\/voltagecosmetics.com\/blog\/wp-content\/uploads\/2017\/05\/voltage-cosmetics-cabellos-quebradizos.jpg","width":1000,"height":667,"caption":"voltage cosmetics cabellos quebradizos"},{"@type":"BreadcrumbList","@id":"https:\/\/voltagecosmetics.com\/blog\/a-un-paso-del-fino-cabello-quebradizo-al-poderoso-cabello-grueso\/#breadcrumb","itemListElement":[{"@type":"ListItem","position":1,"name":"Portada","item":"https:\/\/voltagecosmetics.com\/blog\/"},{"@type":"ListItem","position":2,"name":"A un paso del fino cabello quebradizo al poderoso cabello grueso"}]},{"@type":"WebSite","@id":"https:\/\/voltagecosmetics.com\/blog\/#website","url":"https:\/\/voltagecosmetics.com\/blog\/","name":"Voltage Cosmetics Blog","description":"Cosm\u00e9tica para el Cabello de Alta Gama","potentialAction":[{"@type":"SearchAction","target":{"@type":"EntryPoint","urlTemplate":"https:\/\/voltagecosmetics.com\/blog\/?s={search_term_string}"},"query-input":{"@type":"PropertyValueSpecification","valueRequired":true,"valueName":"search_term_string"}}],"inLanguage":"es"},{"@type":"Person","@id":"https:\/\/voltagecosmetics.com\/blog\/#\/schema\/person\/ac1f9df92d0faab92abf8260093bfb0f","name":"Blog Voltage Cosmetics","image":{"@type":"ImageObject","inLanguage":"es","@id":"https:\/\/voltagecosmetics.com\/blog\/#\/schema\/person\/image\/","url":"https:\/\/secure.gravatar.com\/avatar\/d6db4d357cfbaa9f5871c4055ef4c8c3f839044d0f05a42d65799147da96fa23?s=96&d=mm&r=g","contentUrl":"https:\/\/secure.gravatar.com\/avatar\/d6db4d357cfbaa9f5871c4055ef4c8c3f839044d0f05a42d65799147da96fa23?s=96&d=mm&r=g","caption":"Blog Voltage Cosmetics"},"url":"https:\/\/voltagecosmetics.com\/blog\/author\/blogvoltagecosmetics-com\/"}]}},"featured_image_src":"https:\/\/voltagecosmetics.com\/blog\/wp-content\/uploads\/2017\/05\/voltage-cosmetics-cabellos-quebradizos-600x400.jpg","featured_image_src_square":"https:\/\/voltagecosmetics.com\/blog\/wp-content\/uploads\/2017\/05\/voltage-cosmetics-cabellos-quebradizos-600x600.jpg","author_info":{"display_name":"Blog Voltage Cosmetics","author_link":"https:\/\/voltagecosmetics.com\/blog\/author\/blogvoltagecosmetics-com\/"},"_links":{"self":[{"href":"https:\/\/voltagecosmetics.com\/blog\/wp-json\/wp\/v2\/posts\/1884","targetHints":{"allow":["GET"]}}],"collection":[{"href":"https:\/\/voltagecosmetics.com\/blog\/wp-json\/wp\/v2\/posts"}],"about":[{"href":"https:\/\/voltagecosmetics.com\/blog\/wp-json\/wp\/v2\/types\/post"}],"author":[{"embeddable":true,"href":"https:\/\/voltagecosmetics.com\/blog\/wp-json\/wp\/v2\/users\/2"}],"replies":[{"embeddable":true,"href":"https:\/\/voltagecosmetics.com\/blog\/wp-json\/wp\/v2\/comments?post=1884"}],"version-history":[{"count":0,"href":"https:\/\/voltagecosmetics.com\/blog\/wp-json\/wp\/v2\/posts\/1884\/revisions"}],"wp:featuredmedia":[{"embeddable":true,"href":"https:\/\/voltagecosmetics.com\/blog\/wp-json\/wp\/v2\/media\/5001"}],"wp:attachment":[{"href":"https:\/\/voltagecosmetics.com\/blog\/wp-json\/wp\/v2\/media?parent=1884"}],"wp:term":[{"taxonomy":"category","embeddable":true,"href":"https:\/\/voltagecosmetics.com\/blog\/wp-json\/wp\/v2\/categories?post=1884"},{"taxonomy":"post_tag","embeddable":true,"href":"https:\/\/voltagecosmetics.com\/blog\/wp-json\/wp\/v2\/tags?post=1884"}],"curies":[{"name":"wp","href":"https:\/\/api.w.org\/{rel}","templated":true}]}}