{"id":4376,"date":"2019-10-01T22:16:05","date_gmt":"2019-10-01T20:16:05","guid":{"rendered":"https:\/\/voltagecosmetics.com\/?p=4376"},"modified":"2019-10-01T22:16:05","modified_gmt":"2019-10-01T20:16:05","slug":"no-te-olvides-de-mantener-tu-cabello-durante-toda-la-estacion-otonal","status":"publish","type":"post","link":"https:\/\/voltagecosmetics.com\/blog\/no-te-olvides-de-mantener-tu-cabello-durante-toda-la-estacion-otonal\/","title":{"rendered":"No te olvides de mantener tu cabello durante toda la estaci\u00f3n oto\u00f1al"},"content":{"rendered":"[fusion_builder_container hundred_percent=\u00bbno\u00bb equal_height_columns=\u00bbno\u00bb menu_anchor=\u00bb\u00bb hide_on_mobile=\u00bbsmall-visibility,medium-visibility,large-visibility\u00bb class=\u00bb\u00bb id=\u00bb\u00bb background_color=\u00bb\u00bb background_image=\u00bb\u00bb background_position=\u00bbcenter center\u00bb background_repeat=\u00bbno-repeat\u00bb fade=\u00bbno\u00bb background_parallax=\u00bbnone\u00bb parallax_speed=\u00bb0.3&#8243; video_mp4=\u00bb\u00bb video_webm=\u00bb\u00bb video_ogv=\u00bb\u00bb video_url=\u00bb\u00bb video_aspect_ratio=\u00bb16:9&#8243; video_loop=\u00bbyes\u00bb video_mute=\u00bbyes\u00bb overlay_color=\u00bb\u00bb video_preview_image=\u00bb\u00bb border_size=\u00bb\u00bb border_color=\u00bb\u00bb border_style=\u00bbsolid\u00bb padding_top=\u00bb\u00bb padding_bottom=\u00bb\u00bb padding_left=\u00bb\u00bb padding_right=\u00bb\u00bb][fusion_builder_row][fusion_builder_column type=\u00bb1_1&#8243; layout=\u00bb1_1&#8243; background_position=\u00bbleft top\u00bb background_color=\u00bb\u00bb border_size=\u00bb\u00bb border_color=\u00bb\u00bb border_style=\u00bbsolid\u00bb border_position=\u00bball\u00bb spacing=\u00bbyes\u00bb background_image=\u00bb\u00bb background_repeat=\u00bbno-repeat\u00bb padding_top=\u00bb\u00bb padding_right=\u00bb\u00bb padding_bottom=\u00bb\u00bb padding_left=\u00bb\u00bb margin_top=\u00bb0px\u00bb margin_bottom=\u00bb0px\u00bb class=\u00bb\u00bb id=\u00bb\u00bb animation_type=\u00bb\u00bb animation_speed=\u00bb0.3&#8243; animation_direction=\u00bbleft\u00bb hide_on_mobile=\u00bbsmall-visibility,medium-visibility,large-visibility\u00bb center_content=\u00bbno\u00bb last=\u00bbno\u00bb min_height=\u00bb\u00bb hover_type=\u00bbnone\u00bb link=\u00bb\u00bb][fusion_text columns=\u00bb\u00bb column_min_width=\u00bb\u00bb column_spacing=\u00bb\u00bb rule_style=\u00bbdefault\u00bb rule_size=\u00bb\u00bb rule_color=\u00bb\u00bb hide_on_mobile=\u00bbsmall-visibility,medium-visibility,large-visibility\u00bb class=\u00bb\u00bb id=\u00bb\u00bb]\n<p>Los estados carenciales siempre van acompa\u00f1ados de cambios internos y externos.<\/p>\n<p>Un cambio externo en oto\u00f1o es la ca\u00edda del cabello y el inicio de sequedad y descamaci\u00f3n de la piel debido a las bajas de las temperaturas y un ambiente m\u00e1s seco. Los cambios de h\u00e1bitos tambi\u00e9n afectan a nuestro sistema inmunol\u00f3gico y emocional; no dejemos de banda que la gran mayor\u00eda venimos de pasar unas vacaciones relajadas tomando el sol y sin preocupaciones y la vuelta a la rutina nos pueda hacer malas pasadas haciendo que nuestras defensas disminuyan.<\/p>\n<p>Es por estos motivos que, todo y que ya te hayas aplicado un tratamiento anti ca\u00edda, o est\u00e1s en ello, no debes olvidar realizar un mantenimiento durante toda la estaci\u00f3n oto\u00f1al. Para esto lo ideal es incorporar a tu rutina de lavados el <a href=\"https:\/\/voltagecosmetics.com\/producto\/shampoo-stop-caida\/\"><strong>Shampoo Stop Ca\u00edda<\/strong><\/a> mientras sigues con tu Tratamiento Anti-Ca\u00edda de Voltage.<\/p>\n<p>Este shampoo est\u00e1 formulado para el cuidado preventivo de la ALOPECIA (<strong>ca\u00edda del cabello<\/strong>). Contiene un principio activo vaso-dilatador que prepara el cuero cabelludo dilat\u00e1ndolo y activando la circulaci\u00f3n perif\u00e9rica superficial. Es el complemento perfecto para el <strong>Programa STOP CAIDA<\/strong> de Voltage y la Loci\u00f3n del mismo.<\/p>\n<p>Otro problema asociado a esta estaci\u00f3n, es la descamaci\u00f3n y picor (muchas personas tambi\u00e9n sufren problemas de alergias en oto\u00f1o) y en estos casos se recomienda el <a href=\"https:\/\/voltagecosmetics.com\/producto\/shampoo-dermo-calmante\/\"><strong>Shampoo Dermo Calmante<\/strong><\/a> formulado especialmente para evitar cualquier tipo de \u201cpicores\u201d en el<strong> cuero cabellud<\/strong>o. Gracias a los cristales de mentol se consigue un efecto relax inmediato con propiedades calmantes. Su cuidada formulaci\u00f3n contiene un substituto del \u201cveneno de serpiente\u201d totalmente inocuo. Inhibe la acet\u00edlcolina que gradualmente reduce la acci\u00f3n de los neurotransmisores, disminuyendo la contracci\u00f3n de los m\u00fasculos subyacentes. Efecto Relax.<\/p>\n<p>En el caso que sufras los dos casos, ca\u00edda de cabello y picos o descamaci\u00f3n, puedes usar los dos Shampoos alternando su uso.<\/p>\n[\/fusion_text][\/fusion_builder_column][\/fusion_builder_row][\/fusion_builder_container]\n","protected":false},"excerpt":{"rendered":"<p>[fusion_builder_container hundred_percent=\u00bbno\u00bb equal_height_columns=\u00bbno\u00bb menu_anchor=\u00bb\u00bb hide_on_mobile=\u00bbsmall-visibility,medium-visibility,large-visibility\u00bb class=\u00bb\u00bb id=\u00bb\u00bb background_color=\u00bb\u00bb background_image=\u00bb\u00bb background_position=\u00bbcenter center\u00bb background_repeat=\u00bbno-repeat\u00bb fade=\u00bbno\u00bb background_parallax=\u00bbnone\u00bb parallax_speed=\u00bb0.3&#8243; video_mp4=\u00bb\u00bb video_webm=\u00bb\u00bb video_ogv=\u00bb\u00bb video_url=\u00bb\u00bb video_aspect_ratio=\u00bb16:9&#8243; video_loop=\u00bbyes\u00bb video_mute=\u00bbyes\u00bb overlay_color=\u00bb\u00bb video_preview_image=\u00bb\u00bb border_size=\u00bb\u00bb border_color=\u00bb\u00bb border_style=\u00bbsolid\u00bb padding_top=\u00bb\u00bb padding_bottom=\u00bb\u00bb padding_left=\u00bb\u00bb padding_right=\u00bb\u00bb][fusion_builder_row][fusion_builder_column type=\u00bb1_1&#8243; layout=\u00bb1_1&#8243; background_position=\u00bbleft top\u00bb background_color=\u00bb\u00bb border_size=\u00bb\u00bb border_color=\u00bb\u00bb border_style=\u00bbsolid\u00bb border_position=\u00bball\u00bb spacing=\u00bbyes\u00bb background_image=\u00bb\u00bb background_repeat=\u00bbno-repeat\u00bb padding_top=\u00bb\u00bb padding_right=\u00bb\u00bb padding_bottom=\u00bb\u00bb padding_left=\u00bb\u00bb margin_top=\u00bb0px\u00bb margin_bottom=\u00bb0px\u00bb class=\u00bb\u00bb id=\u00bb\u00bb animation_type=\u00bb\u00bb animation_speed=\u00bb0.3&#8243; animation_direction=\u00bbleft\u00bb hide_on_mobile=\u00bbsmall-visibility,medium-visibility,large-visibility\u00bb center_content=\u00bbno\u00bb last=\u00bbno\u00bb min_height=\u00bb\u00bb hover_type=\u00bbnone\u00bb link=\u00bb\u00bb][fusion_text columns=\u00bb\u00bb column_min_width=\u00bb\u00bb column_spacing=\u00bb\u00bb rule_style=\u00bbdefault\u00bb rule_size=\u00bb\u00bb rule_color=\u00bb\u00bb hide_on_mobile=\u00bbsmall-visibility,medium-visibility,large-visibility\u00bb class=\u00bb\u00bb id=\u00bb\u00bb] Los estados carenciales siempre van acompa\u00f1ados de cambios internos y externos. Un cambio externo en oto\u00f1o es la ca\u00edda del cabello y el inicio de sequedad y descamaci\u00f3n de la piel debido a las bajas de las temperaturas y un ambiente m\u00e1s seco. Los cambios de h\u00e1bitos tambi\u00e9n afectan a nuestro sistema inmunol\u00f3gico y emocional; no dejemos de banda que la gran mayor\u00eda venimos de pasar unas vacaciones relajadas tomando el sol y sin preocupaciones y la vuelta a la rutina nos pueda hacer malas pasadas haciendo que nuestras defensas disminuyan. Es por estos motivos que, todo y que ya te hayas aplicado un tratamiento anti ca\u00edda, o est\u00e1s en ello, no debes olvidar realizar un mantenimiento durante toda la estaci\u00f3n oto\u00f1al. Para esto lo ideal es incorporar a tu rutina de lavados el Shampoo Stop Ca\u00edda mientras sigues con tu Tratamiento Anti-Ca\u00edda de Voltage. Este shampoo est\u00e1 formulado para el cuidado preventivo de la ALOPECIA (ca\u00edda del cabello). Contiene un principio activo vaso-dilatador que prepara el cuero cabelludo dilat\u00e1ndolo y activando la circulaci\u00f3n perif\u00e9rica superficial. Es el complemento perfecto para el Programa STOP CAIDA de Voltage y la Loci\u00f3n del mismo. Otro problema asociado a esta estaci\u00f3n, es la descamaci\u00f3n y picor (muchas personas tambi\u00e9n sufren problemas de alergias en oto\u00f1o) y en estos casos se recomienda el Shampoo Dermo Calmante formulado especialmente para evitar cualquier tipo de \u201cpicores\u201d en el cuero cabelludo. Gracias a los cristales de mentol se consigue un efecto relax inmediato con propiedades calmantes. Su cuidada formulaci\u00f3n contiene un substituto del \u201cveneno de serpiente\u201d totalmente inocuo. Inhibe la acet\u00edlcolina que gradualmente reduce la acci\u00f3n de los neurotransmisores, disminuyendo la contracci\u00f3n de los m\u00fasculos subyacentes. Efecto Relax. En el caso que sufras los dos casos, ca\u00edda de cabello y picos o descamaci\u00f3n, puedes usar los dos Shampoos alternando su uso. [\/fusion_text][\/fusion_builder_column][\/fusion_builder_row][\/fusion_builder_container]<\/p>\n","protected":false},"author":2,"featured_media":4377,"comment_status":"open","ping_status":"closed","sticky":false,"template":"","format":"standard","meta":{"footnotes":""},"categories":[4],"tags":[],"class_list":["post-4376","post","type-post","status-publish","format-standard","has-post-thumbnail","hentry","category-consejos"],"yoast_head":"<!-- This site is optimized with the Yoast SEO plugin v25.3 - https:\/\/yoast.com\/wordpress\/plugins\/seo\/ -->\n<title>No te olvides de mantener tu cabello durante toda la estaci\u00f3n oto\u00f1al - Voltage Cosmetics Blog<\/title>\n<meta name=\"description\" content=\"En oto\u00f1o es normal que se nos caiga m\u00e1s el pelo pero no hay que alarmarse porque se renueva cada d\u00eda. \u00a1Descubre c\u00f3mo!\" \/>\n<meta name=\"robots\" content=\"index, follow, max-snippet:-1, max-image-preview:large, max-video-preview:-1\" \/>\n<link rel=\"canonical\" href=\"https:\/\/voltagecosmetics.com\/blog\/no-te-olvides-de-mantener-tu-cabello-durante-toda-la-estacion-otonal\/\" \/>\n<meta property=\"og:locale\" content=\"es_ES\" \/>\n<meta property=\"og:type\" content=\"article\" \/>\n<meta property=\"og:title\" content=\"No te olvides de mantener tu cabello durante toda la estaci\u00f3n oto\u00f1al - Voltage Cosmetics Blog\" \/>\n<meta property=\"og:description\" content=\"En oto\u00f1o es normal que se nos caiga m\u00e1s el pelo pero no hay que alarmarse porque se renueva cada d\u00eda. \u00a1Descubre c\u00f3mo!\" \/>\n<meta property=\"og:url\" content=\"https:\/\/voltagecosmetics.com\/blog\/no-te-olvides-de-mantener-tu-cabello-durante-toda-la-estacion-otonal\/\" \/>\n<meta property=\"og:site_name\" content=\"Voltage Cosmetics Blog\" \/>\n<meta property=\"article:published_time\" content=\"2019-10-01T20:16:05+00:00\" \/>\n<meta property=\"og:image\" content=\"https:\/\/voltagecosmetics.com\/blog\/wp-content\/uploads\/2019\/10\/BLOG_OCTUBRE-2019.jpg\" \/>\n\t<meta property=\"og:image:width\" content=\"1200\" \/>\n\t<meta property=\"og:image:height\" content=\"798\" \/>\n\t<meta property=\"og:image:type\" content=\"image\/jpeg\" \/>\n<meta name=\"author\" content=\"Blog Voltage Cosmetics\" \/>\n<meta name=\"twitter:card\" content=\"summary_large_image\" \/>\n<meta name=\"twitter:label1\" content=\"Escrito por\" \/>\n\t<meta name=\"twitter:data1\" content=\"Blog Voltage Cosmetics\" \/>\n\t<meta name=\"twitter:label2\" content=\"Tiempo de lectura\" \/>\n\t<meta name=\"twitter:data2\" content=\"3 minutos\" \/>\n<script type=\"application\/ld+json\" class=\"yoast-schema-graph\">{\"@context\":\"https:\/\/schema.org\",\"@graph\":[{\"@type\":\"WebPage\",\"@id\":\"https:\/\/voltagecosmetics.com\/blog\/no-te-olvides-de-mantener-tu-cabello-durante-toda-la-estacion-otonal\/\",\"url\":\"https:\/\/voltagecosmetics.com\/blog\/no-te-olvides-de-mantener-tu-cabello-durante-toda-la-estacion-otonal\/\",\"name\":\"No te olvides de mantener tu cabello durante toda la estaci\u00f3n oto\u00f1al - Voltage Cosmetics Blog\",\"isPartOf\":{\"@id\":\"https:\/\/voltagecosmetics.com\/blog\/#website\"},\"primaryImageOfPage\":{\"@id\":\"https:\/\/voltagecosmetics.com\/blog\/no-te-olvides-de-mantener-tu-cabello-durante-toda-la-estacion-otonal\/#primaryimage\"},\"image\":{\"@id\":\"https:\/\/voltagecosmetics.com\/blog\/no-te-olvides-de-mantener-tu-cabello-durante-toda-la-estacion-otonal\/#primaryimage\"},\"thumbnailUrl\":\"https:\/\/voltagecosmetics.com\/blog\/wp-content\/uploads\/2019\/10\/BLOG_OCTUBRE-2019.jpg\",\"datePublished\":\"2019-10-01T20:16:05+00:00\",\"author\":{\"@id\":\"https:\/\/voltagecosmetics.com\/blog\/#\/schema\/person\/ac1f9df92d0faab92abf8260093bfb0f\"},\"description\":\"En oto\u00f1o es normal que se nos caiga m\u00e1s el pelo pero no hay que alarmarse porque se renueva cada d\u00eda. \u00a1Descubre c\u00f3mo!\",\"breadcrumb\":{\"@id\":\"https:\/\/voltagecosmetics.com\/blog\/no-te-olvides-de-mantener-tu-cabello-durante-toda-la-estacion-otonal\/#breadcrumb\"},\"inLanguage\":\"es\",\"potentialAction\":[{\"@type\":\"ReadAction\",\"target\":[\"https:\/\/voltagecosmetics.com\/blog\/no-te-olvides-de-mantener-tu-cabello-durante-toda-la-estacion-otonal\/\"]}]},{\"@type\":\"ImageObject\",\"inLanguage\":\"es\",\"@id\":\"https:\/\/voltagecosmetics.com\/blog\/no-te-olvides-de-mantener-tu-cabello-durante-toda-la-estacion-otonal\/#primaryimage\",\"url\":\"https:\/\/voltagecosmetics.com\/blog\/wp-content\/uploads\/2019\/10\/BLOG_OCTUBRE-2019.jpg\",\"contentUrl\":\"https:\/\/voltagecosmetics.com\/blog\/wp-content\/uploads\/2019\/10\/BLOG_OCTUBRE-2019.jpg\",\"width\":1200,\"height\":798,\"caption\":\"No te olvides de mantener tu cabello durante toda la estaci\u00f3n oto\u00f1al\"},{\"@type\":\"BreadcrumbList\",\"@id\":\"https:\/\/voltagecosmetics.com\/blog\/no-te-olvides-de-mantener-tu-cabello-durante-toda-la-estacion-otonal\/#breadcrumb\",\"itemListElement\":[{\"@type\":\"ListItem\",\"position\":1,\"name\":\"Portada\",\"item\":\"https:\/\/voltagecosmetics.com\/blog\/\"},{\"@type\":\"ListItem\",\"position\":2,\"name\":\"No te olvides de mantener tu cabello durante toda la estaci\u00f3n oto\u00f1al\"}]},{\"@type\":\"WebSite\",\"@id\":\"https:\/\/voltagecosmetics.com\/blog\/#website\",\"url\":\"https:\/\/voltagecosmetics.com\/blog\/\",\"name\":\"Voltage Cosmetics Blog\",\"description\":\"Cosm\u00e9tica para el Cabello de Alta Gama\",\"potentialAction\":[{\"@type\":\"SearchAction\",\"target\":{\"@type\":\"EntryPoint\",\"urlTemplate\":\"https:\/\/voltagecosmetics.com\/blog\/?s={search_term_string}\"},\"query-input\":{\"@type\":\"PropertyValueSpecification\",\"valueRequired\":true,\"valueName\":\"search_term_string\"}}],\"inLanguage\":\"es\"},{\"@type\":\"Person\",\"@id\":\"https:\/\/voltagecosmetics.com\/blog\/#\/schema\/person\/ac1f9df92d0faab92abf8260093bfb0f\",\"name\":\"Blog Voltage Cosmetics\",\"image\":{\"@type\":\"ImageObject\",\"inLanguage\":\"es\",\"@id\":\"https:\/\/voltagecosmetics.com\/blog\/#\/schema\/person\/image\/\",\"url\":\"https:\/\/secure.gravatar.com\/avatar\/d6db4d357cfbaa9f5871c4055ef4c8c3f839044d0f05a42d65799147da96fa23?s=96&d=mm&r=g\",\"contentUrl\":\"https:\/\/secure.gravatar.com\/avatar\/d6db4d357cfbaa9f5871c4055ef4c8c3f839044d0f05a42d65799147da96fa23?s=96&d=mm&r=g\",\"caption\":\"Blog Voltage Cosmetics\"},\"url\":\"https:\/\/voltagecosmetics.com\/blog\/author\/blogvoltagecosmetics-com\/\"}]}<\/script>\n<!-- \/ Yoast SEO plugin. -->","yoast_head_json":{"title":"No te olvides de mantener tu cabello durante toda la estaci\u00f3n oto\u00f1al - Voltage Cosmetics Blog","description":"En oto\u00f1o es normal que se nos caiga m\u00e1s el pelo pero no hay que alarmarse porque se renueva cada d\u00eda. \u00a1Descubre c\u00f3mo!","robots":{"index":"index","follow":"follow","max-snippet":"max-snippet:-1","max-image-preview":"max-image-preview:large","max-video-preview":"max-video-preview:-1"},"canonical":"https:\/\/voltagecosmetics.com\/blog\/no-te-olvides-de-mantener-tu-cabello-durante-toda-la-estacion-otonal\/","og_locale":"es_ES","og_type":"article","og_title":"No te olvides de mantener tu cabello durante toda la estaci\u00f3n oto\u00f1al - Voltage Cosmetics Blog","og_description":"En oto\u00f1o es normal que se nos caiga m\u00e1s el pelo pero no hay que alarmarse porque se renueva cada d\u00eda. \u00a1Descubre c\u00f3mo!","og_url":"https:\/\/voltagecosmetics.com\/blog\/no-te-olvides-de-mantener-tu-cabello-durante-toda-la-estacion-otonal\/","og_site_name":"Voltage Cosmetics Blog","article_published_time":"2019-10-01T20:16:05+00:00","og_image":[{"width":1200,"height":798,"url":"https:\/\/voltagecosmetics.com\/blog\/wp-content\/uploads\/2019\/10\/BLOG_OCTUBRE-2019.jpg","type":"image\/jpeg"}],"author":"Blog Voltage Cosmetics","twitter_card":"summary_large_image","twitter_misc":{"Escrito por":"Blog Voltage Cosmetics","Tiempo de lectura":"3 minutos"},"schema":{"@context":"https:\/\/schema.org","@graph":[{"@type":"WebPage","@id":"https:\/\/voltagecosmetics.com\/blog\/no-te-olvides-de-mantener-tu-cabello-durante-toda-la-estacion-otonal\/","url":"https:\/\/voltagecosmetics.com\/blog\/no-te-olvides-de-mantener-tu-cabello-durante-toda-la-estacion-otonal\/","name":"No te olvides de mantener tu cabello durante toda la estaci\u00f3n oto\u00f1al - Voltage Cosmetics Blog","isPartOf":{"@id":"https:\/\/voltagecosmetics.com\/blog\/#website"},"primaryImageOfPage":{"@id":"https:\/\/voltagecosmetics.com\/blog\/no-te-olvides-de-mantener-tu-cabello-durante-toda-la-estacion-otonal\/#primaryimage"},"image":{"@id":"https:\/\/voltagecosmetics.com\/blog\/no-te-olvides-de-mantener-tu-cabello-durante-toda-la-estacion-otonal\/#primaryimage"},"thumbnailUrl":"https:\/\/voltagecosmetics.com\/blog\/wp-content\/uploads\/2019\/10\/BLOG_OCTUBRE-2019.jpg","datePublished":"2019-10-01T20:16:05+00:00","author":{"@id":"https:\/\/voltagecosmetics.com\/blog\/#\/schema\/person\/ac1f9df92d0faab92abf8260093bfb0f"},"description":"En oto\u00f1o es normal que se nos caiga m\u00e1s el pelo pero no hay que alarmarse porque se renueva cada d\u00eda. \u00a1Descubre c\u00f3mo!","breadcrumb":{"@id":"https:\/\/voltagecosmetics.com\/blog\/no-te-olvides-de-mantener-tu-cabello-durante-toda-la-estacion-otonal\/#breadcrumb"},"inLanguage":"es","potentialAction":[{"@type":"ReadAction","target":["https:\/\/voltagecosmetics.com\/blog\/no-te-olvides-de-mantener-tu-cabello-durante-toda-la-estacion-otonal\/"]}]},{"@type":"ImageObject","inLanguage":"es","@id":"https:\/\/voltagecosmetics.com\/blog\/no-te-olvides-de-mantener-tu-cabello-durante-toda-la-estacion-otonal\/#primaryimage","url":"https:\/\/voltagecosmetics.com\/blog\/wp-content\/uploads\/2019\/10\/BLOG_OCTUBRE-2019.jpg","contentUrl":"https:\/\/voltagecosmetics.com\/blog\/wp-content\/uploads\/2019\/10\/BLOG_OCTUBRE-2019.jpg","width":1200,"height":798,"caption":"No te olvides de mantener tu cabello durante toda la estaci\u00f3n oto\u00f1al"},{"@type":"BreadcrumbList","@id":"https:\/\/voltagecosmetics.com\/blog\/no-te-olvides-de-mantener-tu-cabello-durante-toda-la-estacion-otonal\/#breadcrumb","itemListElement":[{"@type":"ListItem","position":1,"name":"Portada","item":"https:\/\/voltagecosmetics.com\/blog\/"},{"@type":"ListItem","position":2,"name":"No te olvides de mantener tu cabello durante toda la estaci\u00f3n oto\u00f1al"}]},{"@type":"WebSite","@id":"https:\/\/voltagecosmetics.com\/blog\/#website","url":"https:\/\/voltagecosmetics.com\/blog\/","name":"Voltage Cosmetics Blog","description":"Cosm\u00e9tica para el Cabello de Alta Gama","potentialAction":[{"@type":"SearchAction","target":{"@type":"EntryPoint","urlTemplate":"https:\/\/voltagecosmetics.com\/blog\/?s={search_term_string}"},"query-input":{"@type":"PropertyValueSpecification","valueRequired":true,"valueName":"search_term_string"}}],"inLanguage":"es"},{"@type":"Person","@id":"https:\/\/voltagecosmetics.com\/blog\/#\/schema\/person\/ac1f9df92d0faab92abf8260093bfb0f","name":"Blog Voltage Cosmetics","image":{"@type":"ImageObject","inLanguage":"es","@id":"https:\/\/voltagecosmetics.com\/blog\/#\/schema\/person\/image\/","url":"https:\/\/secure.gravatar.com\/avatar\/d6db4d357cfbaa9f5871c4055ef4c8c3f839044d0f05a42d65799147da96fa23?s=96&d=mm&r=g","contentUrl":"https:\/\/secure.gravatar.com\/avatar\/d6db4d357cfbaa9f5871c4055ef4c8c3f839044d0f05a42d65799147da96fa23?s=96&d=mm&r=g","caption":"Blog Voltage Cosmetics"},"url":"https:\/\/voltagecosmetics.com\/blog\/author\/blogvoltagecosmetics-com\/"}]}},"featured_image_src":"https:\/\/voltagecosmetics.com\/blog\/wp-content\/uploads\/2019\/10\/BLOG_OCTUBRE-2019-600x400.jpg","featured_image_src_square":"https:\/\/voltagecosmetics.com\/blog\/wp-content\/uploads\/2019\/10\/BLOG_OCTUBRE-2019-600x600.jpg","author_info":{"display_name":"Blog Voltage Cosmetics","author_link":"https:\/\/voltagecosmetics.com\/blog\/author\/blogvoltagecosmetics-com\/"},"_links":{"self":[{"href":"https:\/\/voltagecosmetics.com\/blog\/wp-json\/wp\/v2\/posts\/4376","targetHints":{"allow":["GET"]}}],"collection":[{"href":"https:\/\/voltagecosmetics.com\/blog\/wp-json\/wp\/v2\/posts"}],"about":[{"href":"https:\/\/voltagecosmetics.com\/blog\/wp-json\/wp\/v2\/types\/post"}],"author":[{"embeddable":true,"href":"https:\/\/voltagecosmetics.com\/blog\/wp-json\/wp\/v2\/users\/2"}],"replies":[{"embeddable":true,"href":"https:\/\/voltagecosmetics.com\/blog\/wp-json\/wp\/v2\/comments?post=4376"}],"version-history":[{"count":0,"href":"https:\/\/voltagecosmetics.com\/blog\/wp-json\/wp\/v2\/posts\/4376\/revisions"}],"wp:featuredmedia":[{"embeddable":true,"href":"https:\/\/voltagecosmetics.com\/blog\/wp-json\/wp\/v2\/media\/4377"}],"wp:attachment":[{"href":"https:\/\/voltagecosmetics.com\/blog\/wp-json\/wp\/v2\/media?parent=4376"}],"wp:term":[{"taxonomy":"category","embeddable":true,"href":"https:\/\/voltagecosmetics.com\/blog\/wp-json\/wp\/v2\/categories?post=4376"},{"taxonomy":"post_tag","embeddable":true,"href":"https:\/\/voltagecosmetics.com\/blog\/wp-json\/wp\/v2\/tags?post=4376"}],"curies":[{"name":"wp","href":"https:\/\/api.w.org\/{rel}","templated":true}]}}